{"id":70182,"date":"2024-06-11T21:46:37","date_gmt":"2024-06-11T19:46:37","guid":{"rendered":"https:\/\/w3.makila.ai\/uncategorized\/mercador-quebec-2024-montreal-2\/"},"modified":"2026-01-28T15:25:56","modified_gmt":"2026-01-28T14:25:56","slug":"mercador-quebec-2024-montreal-2","status":"publish","type":"post","link":"https:\/\/www.makila.ai\/en\/events-en-3\/mercador-quebec-2024-montreal-2\/","title":{"rendered":"MercadOr Quebec 2024 \u2013 Montreal"},"content":{"rendered":"<p><span>We are proud to announce that<\/span><span class=\"white-space-pre\"><span>&nbsp;<\/span><\/span><a class=\"app-aware-link \" href=\"https:\/\/www.linkedin.com\/company\/makila-ai\/\" target=\"_self\" rel=\"noopener\" data-test-app-aware-link=\"\" data-mce-href=\"https:\/\/www.linkedin.com\/company\/makila-ai\/\"><span>Makila AI<\/span><\/a><span class=\"white-space-pre\"><span>&nbsp;<\/span><\/span><span>has won the Market Diversification category at the 5th edition of the MercadOr Quebec regional&nbsp; awards 2024. This category recognizes the exceptional achievements of a company that has diversified its&nbsp; markets over the past three years.<\/span><span><br \/><\/span><span><br \/><\/span><span>During this celebratory evening held in the<\/span><span class=\"white-space-pre\"><span>&nbsp;<\/span><\/span><a class=\"app-aware-link \" href=\"https:\/\/www.linkedin.com\/company\/desjardins\/\" target=\"_self\" rel=\"noopener\" data-test-app-aware-link=\"\" data-mce-href=\"https:\/\/www.linkedin.com\/company\/desjardins\/\"><span>Desjardins<\/span><\/a><span class=\"white-space-pre\"><span>&nbsp;<\/span><\/span><span>space in Montreal,<\/span><span class=\"white-space-pre\"><span>&nbsp;<\/span><\/span><span><\/span><a id=\"ember215\" class=\"ember-view\" href=\"https:\/\/www.linkedin.com\/in\/layla-nasr\/\" data-mce-href=\"https:\/\/www.linkedin.com\/in\/layla-nasr\/\">Layla Nasr<\/a><span>, CEO of Makila AI, was honored to receive this award, a vibrant testimony of our team\u2019s commitment to developing cutting-edge technological solutions, in collaboration with our partners and customers on an international scale whose support and trust are essential pillars of our success!<\/span><span><br \/><\/span><a class=\"app-aware-link \" href=\"https:\/\/www.linkedin.com\/company\/tcssdc\/\" target=\"_self\" rel=\"noopener\" data-test-app-aware-link=\"\" data-mce-href=\"https:\/\/www.linkedin.com\/company\/tcssdc\/\"><span>Trade Commissioner Service | Service des d\u00e9l\u00e9gu\u00e9s commerciaux<\/span><\/a><span>,<\/span><span class=\"white-space-pre\"><span>&nbsp;<\/span><\/span><a class=\"app-aware-link \" href=\"https:\/\/www.linkedin.com\/company\/global-affairs-canada-affaires-mondiales-canada\/\" target=\"_self\" rel=\"noopener\" data-test-app-aware-link=\"\" data-mce-href=\"https:\/\/www.linkedin.com\/company\/global-affairs-canada-affaires-mondiales-canada\/\"><span>Global Affairs Canada | Affaires mondiales Canada<\/span><\/a><span>,<\/span><span class=\"white-space-pre\"><span>&nbsp;<\/span><\/span><a class=\"app-aware-link \" href=\"https:\/\/www.linkedin.com\/company\/investissement-quebec\/\" target=\"_self\" rel=\"noopener\" data-test-app-aware-link=\"\" data-mce-href=\"https:\/\/www.linkedin.com\/company\/investissement-quebec\/\"><span>Investissement Qu\u00e9bec<\/span><\/a><span>,<\/span><span class=\"white-space-pre\"><span>&nbsp;<\/span><\/span><a class=\"app-aware-link \" href=\"https:\/\/www.linkedin.com\/company\/canadafrance\/\" target=\"_self\" rel=\"noopener\" data-test-app-aware-link=\"\" data-mce-href=\"https:\/\/www.linkedin.com\/company\/canadafrance\/\"><span>Embassy of Canada in France | Ambassade du Canada en France<\/span><\/a><span>,<\/span><span class=\"white-space-pre\"><span>&nbsp;<\/span><\/span><a class=\"app-aware-link \" href=\"https:\/\/www.linkedin.com\/company\/national-research-council\/\" target=\"_self\" rel=\"noopener\" data-test-app-aware-link=\"\" data-mce-href=\"https:\/\/www.linkedin.com\/company\/national-research-council\/\"><span>National Research Council Canada \/ Conseil national de recherches Canada<\/span><\/a><span>,<\/span><span class=\"white-space-pre\"><span>&nbsp;<\/span><\/span><a class=\"app-aware-link \" href=\"https:\/\/www.linkedin.com\/company\/commerce-international-qu%C3%A9bec\/\" target=\"_self\" rel=\"noopener\" data-test-app-aware-link=\"\" data-mce-href=\"https:\/\/www.linkedin.com\/company\/commerce-international-qu%C3%A9bec\/\"><span>Commerce International Qu\u00e9bec<\/span><\/a><span>, and<\/span><span class=\"white-space-pre\"><span>&nbsp;<\/span><\/span><a class=\"app-aware-link \" href=\"https:\/\/www.linkedin.com\/company\/ised-isde\/\" target=\"_self\" rel=\"noopener\" data-test-app-aware-link=\"\" data-mce-href=\"https:\/\/www.linkedin.com\/company\/ised-isde\/\"><span>Innovation, Science and Economic Development Canada<\/span><\/a><span>.<\/span><span class=\"white-space-pre\"><\/span><span><br \/><\/span><span><br \/><\/span><span>Congratulations to all the winning companies and a big thank you to<\/span><span class=\"white-space-pre\"><span>&nbsp;<\/span><\/span><a class=\"app-aware-link \" href=\"https:\/\/www.linkedin.com\/company\/commerce-international-qu%C3%A9bec\/\" target=\"_self\" rel=\"noopener\" data-test-app-aware-link=\"\" data-mce-href=\"https:\/\/www.linkedin.com\/company\/commerce-international-qu%C3%A9bec\/\"><span>Commerce International Qu\u00e9bec<\/span><\/a><span class=\"white-space-pre\"><span>&nbsp;<\/span><\/span><span>and the ORPEX of the<\/span><span class=\"white-space-pre\"><span>&nbsp;<\/span><\/span><a class=\"app-aware-link \" href=\"https:\/\/www.linkedin.com\/company\/chambre-de-commerce-du-montreal-metropolitain\/\" target=\"_self\" rel=\"noopener\" data-test-app-aware-link=\"\" data-mce-href=\"https:\/\/www.linkedin.com\/company\/chambre-de-commerce-du-montreal-metropolitain\/\"><span>Chamber of Commerce of Metropolitan Montreal<\/span><\/a><span class=\"white-space-pre\"><span>&nbsp;<\/span><\/span><span>for this memorable evening.<\/span><span class=\"white-space-pre\"><\/span><span><br \/><\/span><span><br \/><\/span><span>See you on November 14, 2024 for the MercadOr Quebec provincial grand prize where we will continue to celebrate innovation and the influence of<\/span><span class=\"white-space-pre\"><span>&nbsp;<\/span><\/span><a class=\"app-aware-link \" href=\"https:\/\/www.linkedin.com\/feed\/hashtag\/?keywords=qu%C3%A9bec\" data-test-app-aware-link=\"\" data-mce-href=\"https:\/\/www.linkedin.com\/feed\/hashtag\/?keywords=qu%C3%A9bec\"><span><span aria-hidden=\"true\">#<\/span>Qu\u00e9bec<\/span><\/a><span class=\"white-space-pre\"><span>&nbsp;<\/span>on the<span>&nbsp;<\/span><\/span><a class=\"app-aware-link \" href=\"https:\/\/www.linkedin.com\/feed\/hashtag\/?keywords=international\" data-test-app-aware-link=\"\" data-mce-href=\"https:\/\/www.linkedin.com\/feed\/hashtag\/?keywords=international\"><span><span aria-hidden=\"true\">#<\/span>international&nbsp;<\/span><\/a><span>stage<\/span><span>!<\/span><\/p>\n","protected":false},"excerpt":{"rendered":"<p>We are proud to announce that&nbsp;Makila AI&nbsp;has won the Market Diversification category at the 5th edition of the MercadOr Quebec regional&nbsp; awards&#8230;<\/p>\n","protected":false},"author":6,"featured_media":21434,"comment_status":"closed","ping_status":"closed","sticky":false,"template":"","format":"image","meta":{"footnotes":""},"categories":[169],"tags":[],"class_list":["post-70182","post","type-post","status-publish","format-image","has-post-thumbnail","hentry","category-events-en-3","post_format-post-format-image"],"yoast_head":"<!-- This site is optimized with the Yoast SEO plugin v27.5 - https:\/\/yoast.com\/product\/yoast-seo-wordpress\/ -->\r\n<title>MercadOr Quebec 2024 \u2013 Montreal - Makila<\/title>\r\n<meta name=\"robots\" content=\"index, follow, max-snippet:-1, max-image-preview:large, max-video-preview:-1\" \/>\r\n<link rel=\"canonical\" href=\"https:\/\/www.makila.ai\/en\/events-en-3\/mercador-quebec-2024-montreal-2\/\" \/>\r\n<meta property=\"og:locale\" content=\"en_US\" \/>\r\n<meta property=\"og:type\" content=\"article\" \/>\r\n<meta property=\"og:title\" content=\"MercadOr Quebec 2024 \u2013 Montreal - Makila\" \/>\r\n<meta property=\"og:description\" content=\"We are proud to announce that&nbsp;Makila AI&nbsp;has won the Market Diversification category at the 5th edition of the MercadOr Quebec regional&nbsp; awards...\" \/>\r\n<meta property=\"og:url\" content=\"https:\/\/www.makila.ai\/en\/events-en-3\/mercador-quebec-2024-montreal-2\/\" \/>\r\n<meta property=\"og:site_name\" content=\"Makila\" \/>\r\n<meta property=\"article:published_time\" content=\"2024-06-11T19:46:37+00:00\" \/>\r\n<meta property=\"article:modified_time\" content=\"2026-01-28T14:25:56+00:00\" \/>\r\n<meta property=\"og:image\" content=\"https:\/\/www.makila.ai\/wp-content\/uploads\/2024\/06\/Image1.jpg\" \/>\r\n\t<meta property=\"og:image:width\" content=\"576\" \/>\r\n\t<meta property=\"og:image:height\" content=\"483\" \/>\r\n\t<meta property=\"og:image:type\" content=\"image\/jpeg\" \/>\r\n<meta name=\"author\" content=\"Salma Lamrini\" \/>\r\n<meta name=\"twitter:card\" content=\"summary_large_image\" \/>\r\n<meta name=\"twitter:label1\" content=\"Written by\" \/>\n\t<meta name=\"twitter:data1\" content=\"Salma Lamrini\" \/>\n\t<meta name=\"twitter:label2\" content=\"Est. reading time\" \/>\n\t<meta name=\"twitter:data2\" content=\"1 minute\" \/>\r\n<script type=\"application\/ld+json\" class=\"yoast-schema-graph\">{\"@context\":\"https:\\\/\\\/schema.org\",\"@graph\":[{\"@type\":\"Article\",\"@id\":\"https:\\\/\\\/www.makila.ai\\\/en\\\/events-en-3\\\/mercador-quebec-2024-montreal-2\\\/#article\",\"isPartOf\":{\"@id\":\"https:\\\/\\\/www.makila.ai\\\/en\\\/events-en-3\\\/mercador-quebec-2024-montreal-2\\\/\"},\"author\":{\"name\":\"Salma Lamrini\",\"@id\":\"https:\\\/\\\/www.makila.ai\\\/en\\\/#\\\/schema\\\/person\\\/4f75583ff3068943eb42812b1c8df9d9\"},\"headline\":\"MercadOr Quebec 2024 \u2013 Montreal\",\"datePublished\":\"2024-06-11T19:46:37+00:00\",\"dateModified\":\"2026-01-28T14:25:56+00:00\",\"mainEntityOfPage\":{\"@id\":\"https:\\\/\\\/www.makila.ai\\\/en\\\/events-en-3\\\/mercador-quebec-2024-montreal-2\\\/\"},\"wordCount\":232,\"publisher\":{\"@id\":\"https:\\\/\\\/www.makila.ai\\\/en\\\/#organization\"},\"image\":{\"@id\":\"https:\\\/\\\/www.makila.ai\\\/en\\\/events-en-3\\\/mercador-quebec-2024-montreal-2\\\/#primaryimage\"},\"thumbnailUrl\":\"https:\\\/\\\/www.makila.ai\\\/wp-content\\\/uploads\\\/2024\\\/06\\\/Image1.jpg\",\"articleSection\":[\"Events\"],\"inLanguage\":\"en-US\"},{\"@type\":\"WebPage\",\"@id\":\"https:\\\/\\\/www.makila.ai\\\/en\\\/events-en-3\\\/mercador-quebec-2024-montreal-2\\\/\",\"url\":\"https:\\\/\\\/www.makila.ai\\\/en\\\/events-en-3\\\/mercador-quebec-2024-montreal-2\\\/\",\"name\":\"MercadOr Quebec 2024 \u2013 Montreal - Makila\",\"isPartOf\":{\"@id\":\"https:\\\/\\\/www.makila.ai\\\/en\\\/#website\"},\"primaryImageOfPage\":{\"@id\":\"https:\\\/\\\/www.makila.ai\\\/en\\\/events-en-3\\\/mercador-quebec-2024-montreal-2\\\/#primaryimage\"},\"image\":{\"@id\":\"https:\\\/\\\/www.makila.ai\\\/en\\\/events-en-3\\\/mercador-quebec-2024-montreal-2\\\/#primaryimage\"},\"thumbnailUrl\":\"https:\\\/\\\/www.makila.ai\\\/wp-content\\\/uploads\\\/2024\\\/06\\\/Image1.jpg\",\"datePublished\":\"2024-06-11T19:46:37+00:00\",\"dateModified\":\"2026-01-28T14:25:56+00:00\",\"breadcrumb\":{\"@id\":\"https:\\\/\\\/www.makila.ai\\\/en\\\/events-en-3\\\/mercador-quebec-2024-montreal-2\\\/#breadcrumb\"},\"inLanguage\":\"en-US\",\"potentialAction\":[{\"@type\":\"ReadAction\",\"target\":[\"https:\\\/\\\/www.makila.ai\\\/en\\\/events-en-3\\\/mercador-quebec-2024-montreal-2\\\/\"]}]},{\"@type\":\"ImageObject\",\"inLanguage\":\"en-US\",\"@id\":\"https:\\\/\\\/www.makila.ai\\\/en\\\/events-en-3\\\/mercador-quebec-2024-montreal-2\\\/#primaryimage\",\"url\":\"https:\\\/\\\/www.makila.ai\\\/wp-content\\\/uploads\\\/2024\\\/06\\\/Image1.jpg\",\"contentUrl\":\"https:\\\/\\\/www.makila.ai\\\/wp-content\\\/uploads\\\/2024\\\/06\\\/Image1.jpg\",\"width\":576,\"height\":483},{\"@type\":\"BreadcrumbList\",\"@id\":\"https:\\\/\\\/www.makila.ai\\\/en\\\/events-en-3\\\/mercador-quebec-2024-montreal-2\\\/#breadcrumb\",\"itemListElement\":[{\"@type\":\"ListItem\",\"position\":1,\"name\":\"Accueil\",\"item\":\"https:\\\/\\\/www.makila.ai\\\/en\\\/\"},{\"@type\":\"ListItem\",\"position\":2,\"name\":\"MercadOr Quebec 2024 \u2013 Montreal\"}]},{\"@type\":\"WebSite\",\"@id\":\"https:\\\/\\\/www.makila.ai\\\/en\\\/#website\",\"url\":\"https:\\\/\\\/www.makila.ai\\\/en\\\/\",\"name\":\"Makila.ai\",\"description\":\"Pilotez la performance de votre entreprise par les donn\u00e9es !\",\"publisher\":{\"@id\":\"https:\\\/\\\/www.makila.ai\\\/en\\\/#organization\"},\"potentialAction\":[{\"@type\":\"SearchAction\",\"target\":{\"@type\":\"EntryPoint\",\"urlTemplate\":\"https:\\\/\\\/www.makila.ai\\\/en\\\/?s={search_term_string}\"},\"query-input\":{\"@type\":\"PropertyValueSpecification\",\"valueRequired\":true,\"valueName\":\"search_term_string\"}}],\"inLanguage\":\"en-US\"},{\"@type\":\"Organization\",\"@id\":\"https:\\\/\\\/www.makila.ai\\\/en\\\/#organization\",\"name\":\"Services Makila inc.\",\"url\":\"https:\\\/\\\/www.makila.ai\\\/en\\\/\",\"logo\":{\"@type\":\"ImageObject\",\"inLanguage\":\"en-US\",\"@id\":\"https:\\\/\\\/www.makila.ai\\\/en\\\/#\\\/schema\\\/logo\\\/image\\\/\",\"url\":\"https:\\\/\\\/www.makila.ai\\\/wp-content\\\/uploads\\\/2020\\\/10\\\/Logo-Makila-Dark-150.png\",\"contentUrl\":\"https:\\\/\\\/www.makila.ai\\\/wp-content\\\/uploads\\\/2020\\\/10\\\/Logo-Makila-Dark-150.png\",\"width\":150,\"height\":43,\"caption\":\"Services Makila inc.\"},\"image\":{\"@id\":\"https:\\\/\\\/www.makila.ai\\\/en\\\/#\\\/schema\\\/logo\\\/image\\\/\"},\"sameAs\":[\"https:\\\/\\\/www.linkedin.com\\\/company\\\/makila-ai\\\/\"]},{\"@type\":\"Person\",\"@id\":\"https:\\\/\\\/www.makila.ai\\\/en\\\/#\\\/schema\\\/person\\\/4f75583ff3068943eb42812b1c8df9d9\",\"name\":\"Salma Lamrini\"}]}<\/script>\r\n<!-- \/ Yoast SEO plugin. -->","yoast_head_json":{"title":"MercadOr Quebec 2024 \u2013 Montreal - Makila","robots":{"index":"index","follow":"follow","max-snippet":"max-snippet:-1","max-image-preview":"max-image-preview:large","max-video-preview":"max-video-preview:-1"},"canonical":"https:\/\/www.makila.ai\/en\/events-en-3\/mercador-quebec-2024-montreal-2\/","og_locale":"en_US","og_type":"article","og_title":"MercadOr Quebec 2024 \u2013 Montreal - Makila","og_description":"We are proud to announce that&nbsp;Makila AI&nbsp;has won the Market Diversification category at the 5th edition of the MercadOr Quebec regional&nbsp; awards...","og_url":"https:\/\/www.makila.ai\/en\/events-en-3\/mercador-quebec-2024-montreal-2\/","og_site_name":"Makila","article_published_time":"2024-06-11T19:46:37+00:00","article_modified_time":"2026-01-28T14:25:56+00:00","og_image":[{"width":576,"height":483,"url":"https:\/\/www.makila.ai\/wp-content\/uploads\/2024\/06\/Image1.jpg","type":"image\/jpeg"}],"author":"Salma Lamrini","twitter_card":"summary_large_image","twitter_misc":{"Written by":"Salma Lamrini","Est. reading time":"1 minute"},"schema":{"@context":"https:\/\/schema.org","@graph":[{"@type":"Article","@id":"https:\/\/www.makila.ai\/en\/events-en-3\/mercador-quebec-2024-montreal-2\/#article","isPartOf":{"@id":"https:\/\/www.makila.ai\/en\/events-en-3\/mercador-quebec-2024-montreal-2\/"},"author":{"name":"Salma Lamrini","@id":"https:\/\/www.makila.ai\/en\/#\/schema\/person\/4f75583ff3068943eb42812b1c8df9d9"},"headline":"MercadOr Quebec 2024 \u2013 Montreal","datePublished":"2024-06-11T19:46:37+00:00","dateModified":"2026-01-28T14:25:56+00:00","mainEntityOfPage":{"@id":"https:\/\/www.makila.ai\/en\/events-en-3\/mercador-quebec-2024-montreal-2\/"},"wordCount":232,"publisher":{"@id":"https:\/\/www.makila.ai\/en\/#organization"},"image":{"@id":"https:\/\/www.makila.ai\/en\/events-en-3\/mercador-quebec-2024-montreal-2\/#primaryimage"},"thumbnailUrl":"https:\/\/www.makila.ai\/wp-content\/uploads\/2024\/06\/Image1.jpg","articleSection":["Events"],"inLanguage":"en-US"},{"@type":"WebPage","@id":"https:\/\/www.makila.ai\/en\/events-en-3\/mercador-quebec-2024-montreal-2\/","url":"https:\/\/www.makila.ai\/en\/events-en-3\/mercador-quebec-2024-montreal-2\/","name":"MercadOr Quebec 2024 \u2013 Montreal - Makila","isPartOf":{"@id":"https:\/\/www.makila.ai\/en\/#website"},"primaryImageOfPage":{"@id":"https:\/\/www.makila.ai\/en\/events-en-3\/mercador-quebec-2024-montreal-2\/#primaryimage"},"image":{"@id":"https:\/\/www.makila.ai\/en\/events-en-3\/mercador-quebec-2024-montreal-2\/#primaryimage"},"thumbnailUrl":"https:\/\/www.makila.ai\/wp-content\/uploads\/2024\/06\/Image1.jpg","datePublished":"2024-06-11T19:46:37+00:00","dateModified":"2026-01-28T14:25:56+00:00","breadcrumb":{"@id":"https:\/\/www.makila.ai\/en\/events-en-3\/mercador-quebec-2024-montreal-2\/#breadcrumb"},"inLanguage":"en-US","potentialAction":[{"@type":"ReadAction","target":["https:\/\/www.makila.ai\/en\/events-en-3\/mercador-quebec-2024-montreal-2\/"]}]},{"@type":"ImageObject","inLanguage":"en-US","@id":"https:\/\/www.makila.ai\/en\/events-en-3\/mercador-quebec-2024-montreal-2\/#primaryimage","url":"https:\/\/www.makila.ai\/wp-content\/uploads\/2024\/06\/Image1.jpg","contentUrl":"https:\/\/www.makila.ai\/wp-content\/uploads\/2024\/06\/Image1.jpg","width":576,"height":483},{"@type":"BreadcrumbList","@id":"https:\/\/www.makila.ai\/en\/events-en-3\/mercador-quebec-2024-montreal-2\/#breadcrumb","itemListElement":[{"@type":"ListItem","position":1,"name":"Accueil","item":"https:\/\/www.makila.ai\/en\/"},{"@type":"ListItem","position":2,"name":"MercadOr Quebec 2024 \u2013 Montreal"}]},{"@type":"WebSite","@id":"https:\/\/www.makila.ai\/en\/#website","url":"https:\/\/www.makila.ai\/en\/","name":"Makila.ai","description":"Pilotez la performance de votre entreprise par les donn\u00e9es !","publisher":{"@id":"https:\/\/www.makila.ai\/en\/#organization"},"potentialAction":[{"@type":"SearchAction","target":{"@type":"EntryPoint","urlTemplate":"https:\/\/www.makila.ai\/en\/?s={search_term_string}"},"query-input":{"@type":"PropertyValueSpecification","valueRequired":true,"valueName":"search_term_string"}}],"inLanguage":"en-US"},{"@type":"Organization","@id":"https:\/\/www.makila.ai\/en\/#organization","name":"Services Makila inc.","url":"https:\/\/www.makila.ai\/en\/","logo":{"@type":"ImageObject","inLanguage":"en-US","@id":"https:\/\/www.makila.ai\/en\/#\/schema\/logo\/image\/","url":"https:\/\/www.makila.ai\/wp-content\/uploads\/2020\/10\/Logo-Makila-Dark-150.png","contentUrl":"https:\/\/www.makila.ai\/wp-content\/uploads\/2020\/10\/Logo-Makila-Dark-150.png","width":150,"height":43,"caption":"Services Makila inc."},"image":{"@id":"https:\/\/www.makila.ai\/en\/#\/schema\/logo\/image\/"},"sameAs":["https:\/\/www.linkedin.com\/company\/makila-ai\/"]},{"@type":"Person","@id":"https:\/\/www.makila.ai\/en\/#\/schema\/person\/4f75583ff3068943eb42812b1c8df9d9","name":"Salma Lamrini"}]}},"_links":{"self":[{"href":"https:\/\/www.makila.ai\/en\/wp-json\/wp\/v2\/posts\/70182","targetHints":{"allow":["GET"]}}],"collection":[{"href":"https:\/\/www.makila.ai\/en\/wp-json\/wp\/v2\/posts"}],"about":[{"href":"https:\/\/www.makila.ai\/en\/wp-json\/wp\/v2\/types\/post"}],"author":[{"embeddable":true,"href":"https:\/\/www.makila.ai\/en\/wp-json\/wp\/v2\/users\/6"}],"replies":[{"embeddable":true,"href":"https:\/\/www.makila.ai\/en\/wp-json\/wp\/v2\/comments?post=70182"}],"version-history":[{"count":1,"href":"https:\/\/www.makila.ai\/en\/wp-json\/wp\/v2\/posts\/70182\/revisions"}],"predecessor-version":[{"id":70183,"href":"https:\/\/www.makila.ai\/en\/wp-json\/wp\/v2\/posts\/70182\/revisions\/70183"}],"wp:featuredmedia":[{"embeddable":true,"href":"https:\/\/www.makila.ai\/en\/wp-json\/wp\/v2\/media\/21434"}],"wp:attachment":[{"href":"https:\/\/www.makila.ai\/en\/wp-json\/wp\/v2\/media?parent=70182"}],"wp:term":[{"taxonomy":"category","embeddable":true,"href":"https:\/\/www.makila.ai\/en\/wp-json\/wp\/v2\/categories?post=70182"},{"taxonomy":"post_tag","embeddable":true,"href":"https:\/\/www.makila.ai\/en\/wp-json\/wp\/v2\/tags?post=70182"}],"curies":[{"name":"wp","href":"https:\/\/api.w.org\/{rel}","templated":true}]}}