{"id":70211,"date":"2023-10-20T15:15:33","date_gmt":"2023-10-20T13:15:33","guid":{"rendered":"https:\/\/w3.makila.ai\/uncategorized\/congres-hr-14-et-15-novembre-2023-paris\/"},"modified":"2026-01-28T15:45:15","modified_gmt":"2026-01-28T14:45:15","slug":"congres-hr-14-et-15-novembre-2023-paris","status":"publish","type":"post","link":"https:\/\/www.makila.ai\/en\/events-en-3\/congres-hr-14-et-15-novembre-2023-paris\/","title":{"rendered":"Congr\u00e8s HR -14 et 15 Novembre 2023 \u2013 Paris"},"content":{"rendered":"<p><span>Responsables et D\u00e9cideurs RH, nous sommes ravis de vous annoncer la participation de&nbsp;<\/span><a href=\"https:\/\/www.linkedin.com\/company\/makila-ai\/\" data-attribute-index=\"0\" data-entity-type=\"MINI_COMPANY\" data-mce-href=\"https:\/\/www.linkedin.com\/company\/makila-ai\/\">Makila AI<\/a><span>&nbsp;\u00e0 la 45\u00e8me \u00e9dition du&nbsp;<\/span><a href=\"https:\/\/www.linkedin.com\/in\/ACoAAC3DtN8BlmWFYdqGvHQtuQUmeEBVUL9EriI\" data-attribute-index=\"2\" data-entity-type=\"MINI_PROFILE\" data-mce-href=\"https:\/\/www.linkedin.com\/in\/ACoAAC3DtN8BlmWFYdqGvHQtuQUmeEBVUL9EriI\">Congres HR\u2019<\/a><span>qui aura lieu les 14 et 15 novembre prochains au Pr\u00e9 Catelan, Paris 16.<\/span><\/p>\n<p><span>Au programme de cette 45\u00e8me \u00e9dition :&nbsp;2 pl\u00e9ni\u00e8res d\u2019exception&nbsp;et 10 sessions&nbsp;compos\u00e9es de 80 t\u00e9moignages consacr\u00e9s \u00e0 la gestion des carri\u00e8res, aux impacts de l\u2019IA g\u00e9n\u00e9rative sur le travail et les RH, \u00e0 l\u2019anticipation des comp\u00e9tences, aux leaderships et \u00e0 la dynamique collective.<\/span><\/p>\n<p><span>Pour plus de d\u00e9tails sur le programme&nbsp;:&nbsp;<\/span><a href=\"https:\/\/lnkd.in\/dTvxjCYs\" target=\"_self\" rel=\"noopener\" data-attribute-index=\"4\" data-mce-href=\"https:\/\/lnkd.in\/dTvxjCYs\">https:\/\/lnkd.in\/dTvxjCYs<\/a><\/p>\n<p><a href=\"https:\/\/www.linkedin.com\/feed\/hashtag\/?keywords=congreshr&amp;highlightedUpdateUrns=urn%3Ali%3Aactivity%3A7121117296151916544\" data-attribute-index=\"5\" data-mce-href=\"https:\/\/www.linkedin.com\/feed\/hashtag\/?keywords=congreshr&amp;highlightedUpdateUrns=urn%3Ali%3Aactivity%3A7121117296151916544\">#CongresHR<\/a><span>&nbsp;<\/span><a href=\"https:\/\/www.linkedin.com\/feed\/hashtag\/?keywords=ressourceshumaines&amp;highlightedUpdateUrns=urn%3Ali%3Aactivity%3A7121117296151916544\" data-attribute-index=\"6\" data-mce-href=\"https:\/\/www.linkedin.com\/feed\/hashtag\/?keywords=ressourceshumaines&amp;highlightedUpdateUrns=urn%3Ali%3Aactivity%3A7121117296151916544\">#RessourcesHumaines<\/a><span>&nbsp;<\/span><a href=\"https:\/\/www.linkedin.com\/feed\/hashtag\/?keywords=leadership&amp;highlightedUpdateUrns=urn%3Ali%3Aactivity%3A7121117296151916544\" data-attribute-index=\"7\" data-mce-href=\"https:\/\/www.linkedin.com\/feed\/hashtag\/?keywords=leadership&amp;highlightedUpdateUrns=urn%3Ali%3Aactivity%3A7121117296151916544\">#Leadership<\/a><span>&nbsp;<\/span><a href=\"https:\/\/www.linkedin.com\/feed\/hashtag\/?keywords=innovationrh&amp;highlightedUpdateUrns=urn%3Ali%3Aactivity%3A7121117296151916544\" data-attribute-index=\"8\" data-mce-href=\"https:\/\/www.linkedin.com\/feed\/hashtag\/?keywords=innovationrh&amp;highlightedUpdateUrns=urn%3Ali%3Aactivity%3A7121117296151916544\">#InnovationRH<\/a><\/p>\n","protected":false},"excerpt":{"rendered":"<p>Responsables et D\u00e9cideurs RH, nous sommes ravis de vous annoncer la participation de&nbsp;Makila AI&nbsp;\u00e0 la 45\u00e8me \u00e9dition du&nbsp;Congres HR\u2019qui aura lieu les&#8230;<\/p>\n","protected":false},"author":6,"featured_media":20479,"comment_status":"closed","ping_status":"closed","sticky":false,"template":"","format":"image","meta":{"footnotes":""},"categories":[169],"tags":[],"class_list":["post-70211","post","type-post","status-publish","format-image","has-post-thumbnail","hentry","category-events-en-3","post_format-post-format-image"],"yoast_head":"<!-- This site is optimized with the Yoast SEO plugin v27.5 - https:\/\/yoast.com\/product\/yoast-seo-wordpress\/ -->\r\n<title>Congr\u00e8s HR -14 et 15 Novembre 2023 \u2013 Paris - Makila<\/title>\r\n<meta name=\"robots\" content=\"index, follow, max-snippet:-1, max-image-preview:large, max-video-preview:-1\" \/>\r\n<link rel=\"canonical\" href=\"https:\/\/www.makila.ai\/en\/events-en-3\/congres-hr-14-et-15-novembre-2023-paris\/\" \/>\r\n<meta property=\"og:locale\" content=\"en_US\" \/>\r\n<meta property=\"og:type\" content=\"article\" \/>\r\n<meta property=\"og:title\" content=\"Congr\u00e8s HR -14 et 15 Novembre 2023 \u2013 Paris - Makila\" \/>\r\n<meta property=\"og:description\" content=\"Responsables et D\u00e9cideurs RH, nous sommes ravis de vous annoncer la participation de&nbsp;Makila AI&nbsp;\u00e0 la 45\u00e8me \u00e9dition du&nbsp;Congres HR\u2019qui aura lieu les...\" \/>\r\n<meta property=\"og:url\" content=\"https:\/\/www.makila.ai\/en\/events-en-3\/congres-hr-14-et-15-novembre-2023-paris\/\" \/>\r\n<meta property=\"og:site_name\" content=\"Makila\" \/>\r\n<meta property=\"article:published_time\" content=\"2023-10-20T13:15:33+00:00\" \/>\r\n<meta property=\"article:modified_time\" content=\"2026-01-28T14:45:15+00:00\" \/>\r\n<meta property=\"og:image\" content=\"https:\/\/www.makila.ai\/wp-content\/uploads\/2023\/10\/Visuel-Makila-AI-.png\" \/>\r\n\t<meta property=\"og:image:width\" content=\"1200\" \/>\r\n\t<meta property=\"og:image:height\" content=\"1200\" \/>\r\n\t<meta property=\"og:image:type\" content=\"image\/png\" \/>\r\n<meta name=\"author\" content=\"Salma Lamrini\" \/>\r\n<meta name=\"twitter:card\" content=\"summary_large_image\" \/>\r\n<meta name=\"twitter:label1\" content=\"Written by\" \/>\n\t<meta name=\"twitter:data1\" content=\"Salma Lamrini\" \/>\n\t<meta name=\"twitter:label2\" content=\"Est. reading time\" \/>\n\t<meta name=\"twitter:data2\" content=\"1 minute\" \/>\r\n<script type=\"application\/ld+json\" class=\"yoast-schema-graph\">{\"@context\":\"https:\\\/\\\/schema.org\",\"@graph\":[{\"@type\":\"Article\",\"@id\":\"https:\\\/\\\/www.makila.ai\\\/en\\\/events-en-3\\\/congres-hr-14-et-15-novembre-2023-paris\\\/#article\",\"isPartOf\":{\"@id\":\"https:\\\/\\\/www.makila.ai\\\/en\\\/events-en-3\\\/congres-hr-14-et-15-novembre-2023-paris\\\/\"},\"author\":{\"name\":\"Salma Lamrini\",\"@id\":\"https:\\\/\\\/www.makila.ai\\\/en\\\/#\\\/schema\\\/person\\\/4f75583ff3068943eb42812b1c8df9d9\"},\"headline\":\"Congr\u00e8s HR -14 et 15 Novembre 2023 \u2013 Paris\",\"datePublished\":\"2023-10-20T13:15:33+00:00\",\"dateModified\":\"2026-01-28T14:45:15+00:00\",\"mainEntityOfPage\":{\"@id\":\"https:\\\/\\\/www.makila.ai\\\/en\\\/events-en-3\\\/congres-hr-14-et-15-novembre-2023-paris\\\/\"},\"wordCount\":117,\"publisher\":{\"@id\":\"https:\\\/\\\/www.makila.ai\\\/en\\\/#organization\"},\"image\":{\"@id\":\"https:\\\/\\\/www.makila.ai\\\/en\\\/events-en-3\\\/congres-hr-14-et-15-novembre-2023-paris\\\/#primaryimage\"},\"thumbnailUrl\":\"https:\\\/\\\/www.makila.ai\\\/wp-content\\\/uploads\\\/2023\\\/10\\\/Visuel-Makila-AI-.png\",\"articleSection\":[\"Events\"],\"inLanguage\":\"en-US\"},{\"@type\":\"WebPage\",\"@id\":\"https:\\\/\\\/www.makila.ai\\\/en\\\/events-en-3\\\/congres-hr-14-et-15-novembre-2023-paris\\\/\",\"url\":\"https:\\\/\\\/www.makila.ai\\\/en\\\/events-en-3\\\/congres-hr-14-et-15-novembre-2023-paris\\\/\",\"name\":\"Congr\u00e8s HR -14 et 15 Novembre 2023 \u2013 Paris - Makila\",\"isPartOf\":{\"@id\":\"https:\\\/\\\/www.makila.ai\\\/en\\\/#website\"},\"primaryImageOfPage\":{\"@id\":\"https:\\\/\\\/www.makila.ai\\\/en\\\/events-en-3\\\/congres-hr-14-et-15-novembre-2023-paris\\\/#primaryimage\"},\"image\":{\"@id\":\"https:\\\/\\\/www.makila.ai\\\/en\\\/events-en-3\\\/congres-hr-14-et-15-novembre-2023-paris\\\/#primaryimage\"},\"thumbnailUrl\":\"https:\\\/\\\/www.makila.ai\\\/wp-content\\\/uploads\\\/2023\\\/10\\\/Visuel-Makila-AI-.png\",\"datePublished\":\"2023-10-20T13:15:33+00:00\",\"dateModified\":\"2026-01-28T14:45:15+00:00\",\"breadcrumb\":{\"@id\":\"https:\\\/\\\/www.makila.ai\\\/en\\\/events-en-3\\\/congres-hr-14-et-15-novembre-2023-paris\\\/#breadcrumb\"},\"inLanguage\":\"en-US\",\"potentialAction\":[{\"@type\":\"ReadAction\",\"target\":[\"https:\\\/\\\/www.makila.ai\\\/en\\\/events-en-3\\\/congres-hr-14-et-15-novembre-2023-paris\\\/\"]}]},{\"@type\":\"ImageObject\",\"inLanguage\":\"en-US\",\"@id\":\"https:\\\/\\\/www.makila.ai\\\/en\\\/events-en-3\\\/congres-hr-14-et-15-novembre-2023-paris\\\/#primaryimage\",\"url\":\"https:\\\/\\\/www.makila.ai\\\/wp-content\\\/uploads\\\/2023\\\/10\\\/Visuel-Makila-AI-.png\",\"contentUrl\":\"https:\\\/\\\/www.makila.ai\\\/wp-content\\\/uploads\\\/2023\\\/10\\\/Visuel-Makila-AI-.png\",\"width\":1200,\"height\":1200},{\"@type\":\"BreadcrumbList\",\"@id\":\"https:\\\/\\\/www.makila.ai\\\/en\\\/events-en-3\\\/congres-hr-14-et-15-novembre-2023-paris\\\/#breadcrumb\",\"itemListElement\":[{\"@type\":\"ListItem\",\"position\":1,\"name\":\"Accueil\",\"item\":\"https:\\\/\\\/www.makila.ai\\\/en\\\/\"},{\"@type\":\"ListItem\",\"position\":2,\"name\":\"Congr\u00e8s HR -14 et 15 Novembre 2023 \u2013 Paris\"}]},{\"@type\":\"WebSite\",\"@id\":\"https:\\\/\\\/www.makila.ai\\\/en\\\/#website\",\"url\":\"https:\\\/\\\/www.makila.ai\\\/en\\\/\",\"name\":\"Makila.ai\",\"description\":\"Pilotez la performance de votre entreprise par les donn\u00e9es !\",\"publisher\":{\"@id\":\"https:\\\/\\\/www.makila.ai\\\/en\\\/#organization\"},\"potentialAction\":[{\"@type\":\"SearchAction\",\"target\":{\"@type\":\"EntryPoint\",\"urlTemplate\":\"https:\\\/\\\/www.makila.ai\\\/en\\\/?s={search_term_string}\"},\"query-input\":{\"@type\":\"PropertyValueSpecification\",\"valueRequired\":true,\"valueName\":\"search_term_string\"}}],\"inLanguage\":\"en-US\"},{\"@type\":\"Organization\",\"@id\":\"https:\\\/\\\/www.makila.ai\\\/en\\\/#organization\",\"name\":\"Services Makila inc.\",\"url\":\"https:\\\/\\\/www.makila.ai\\\/en\\\/\",\"logo\":{\"@type\":\"ImageObject\",\"inLanguage\":\"en-US\",\"@id\":\"https:\\\/\\\/www.makila.ai\\\/en\\\/#\\\/schema\\\/logo\\\/image\\\/\",\"url\":\"https:\\\/\\\/www.makila.ai\\\/wp-content\\\/uploads\\\/2020\\\/10\\\/Logo-Makila-Dark-150.png\",\"contentUrl\":\"https:\\\/\\\/www.makila.ai\\\/wp-content\\\/uploads\\\/2020\\\/10\\\/Logo-Makila-Dark-150.png\",\"width\":150,\"height\":43,\"caption\":\"Services Makila inc.\"},\"image\":{\"@id\":\"https:\\\/\\\/www.makila.ai\\\/en\\\/#\\\/schema\\\/logo\\\/image\\\/\"},\"sameAs\":[\"https:\\\/\\\/www.linkedin.com\\\/company\\\/makila-ai\\\/\"]},{\"@type\":\"Person\",\"@id\":\"https:\\\/\\\/www.makila.ai\\\/en\\\/#\\\/schema\\\/person\\\/4f75583ff3068943eb42812b1c8df9d9\",\"name\":\"Salma Lamrini\"}]}<\/script>\r\n<!-- \/ Yoast SEO plugin. -->","yoast_head_json":{"title":"Congr\u00e8s HR -14 et 15 Novembre 2023 \u2013 Paris - Makila","robots":{"index":"index","follow":"follow","max-snippet":"max-snippet:-1","max-image-preview":"max-image-preview:large","max-video-preview":"max-video-preview:-1"},"canonical":"https:\/\/www.makila.ai\/en\/events-en-3\/congres-hr-14-et-15-novembre-2023-paris\/","og_locale":"en_US","og_type":"article","og_title":"Congr\u00e8s HR -14 et 15 Novembre 2023 \u2013 Paris - Makila","og_description":"Responsables et D\u00e9cideurs RH, nous sommes ravis de vous annoncer la participation de&nbsp;Makila AI&nbsp;\u00e0 la 45\u00e8me \u00e9dition du&nbsp;Congres HR\u2019qui aura lieu les...","og_url":"https:\/\/www.makila.ai\/en\/events-en-3\/congres-hr-14-et-15-novembre-2023-paris\/","og_site_name":"Makila","article_published_time":"2023-10-20T13:15:33+00:00","article_modified_time":"2026-01-28T14:45:15+00:00","og_image":[{"width":1200,"height":1200,"url":"https:\/\/www.makila.ai\/wp-content\/uploads\/2023\/10\/Visuel-Makila-AI-.png","type":"image\/png"}],"author":"Salma Lamrini","twitter_card":"summary_large_image","twitter_misc":{"Written by":"Salma Lamrini","Est. reading time":"1 minute"},"schema":{"@context":"https:\/\/schema.org","@graph":[{"@type":"Article","@id":"https:\/\/www.makila.ai\/en\/events-en-3\/congres-hr-14-et-15-novembre-2023-paris\/#article","isPartOf":{"@id":"https:\/\/www.makila.ai\/en\/events-en-3\/congres-hr-14-et-15-novembre-2023-paris\/"},"author":{"name":"Salma Lamrini","@id":"https:\/\/www.makila.ai\/en\/#\/schema\/person\/4f75583ff3068943eb42812b1c8df9d9"},"headline":"Congr\u00e8s HR -14 et 15 Novembre 2023 \u2013 Paris","datePublished":"2023-10-20T13:15:33+00:00","dateModified":"2026-01-28T14:45:15+00:00","mainEntityOfPage":{"@id":"https:\/\/www.makila.ai\/en\/events-en-3\/congres-hr-14-et-15-novembre-2023-paris\/"},"wordCount":117,"publisher":{"@id":"https:\/\/www.makila.ai\/en\/#organization"},"image":{"@id":"https:\/\/www.makila.ai\/en\/events-en-3\/congres-hr-14-et-15-novembre-2023-paris\/#primaryimage"},"thumbnailUrl":"https:\/\/www.makila.ai\/wp-content\/uploads\/2023\/10\/Visuel-Makila-AI-.png","articleSection":["Events"],"inLanguage":"en-US"},{"@type":"WebPage","@id":"https:\/\/www.makila.ai\/en\/events-en-3\/congres-hr-14-et-15-novembre-2023-paris\/","url":"https:\/\/www.makila.ai\/en\/events-en-3\/congres-hr-14-et-15-novembre-2023-paris\/","name":"Congr\u00e8s HR -14 et 15 Novembre 2023 \u2013 Paris - Makila","isPartOf":{"@id":"https:\/\/www.makila.ai\/en\/#website"},"primaryImageOfPage":{"@id":"https:\/\/www.makila.ai\/en\/events-en-3\/congres-hr-14-et-15-novembre-2023-paris\/#primaryimage"},"image":{"@id":"https:\/\/www.makila.ai\/en\/events-en-3\/congres-hr-14-et-15-novembre-2023-paris\/#primaryimage"},"thumbnailUrl":"https:\/\/www.makila.ai\/wp-content\/uploads\/2023\/10\/Visuel-Makila-AI-.png","datePublished":"2023-10-20T13:15:33+00:00","dateModified":"2026-01-28T14:45:15+00:00","breadcrumb":{"@id":"https:\/\/www.makila.ai\/en\/events-en-3\/congres-hr-14-et-15-novembre-2023-paris\/#breadcrumb"},"inLanguage":"en-US","potentialAction":[{"@type":"ReadAction","target":["https:\/\/www.makila.ai\/en\/events-en-3\/congres-hr-14-et-15-novembre-2023-paris\/"]}]},{"@type":"ImageObject","inLanguage":"en-US","@id":"https:\/\/www.makila.ai\/en\/events-en-3\/congres-hr-14-et-15-novembre-2023-paris\/#primaryimage","url":"https:\/\/www.makila.ai\/wp-content\/uploads\/2023\/10\/Visuel-Makila-AI-.png","contentUrl":"https:\/\/www.makila.ai\/wp-content\/uploads\/2023\/10\/Visuel-Makila-AI-.png","width":1200,"height":1200},{"@type":"BreadcrumbList","@id":"https:\/\/www.makila.ai\/en\/events-en-3\/congres-hr-14-et-15-novembre-2023-paris\/#breadcrumb","itemListElement":[{"@type":"ListItem","position":1,"name":"Accueil","item":"https:\/\/www.makila.ai\/en\/"},{"@type":"ListItem","position":2,"name":"Congr\u00e8s HR -14 et 15 Novembre 2023 \u2013 Paris"}]},{"@type":"WebSite","@id":"https:\/\/www.makila.ai\/en\/#website","url":"https:\/\/www.makila.ai\/en\/","name":"Makila.ai","description":"Pilotez la performance de votre entreprise par les donn\u00e9es !","publisher":{"@id":"https:\/\/www.makila.ai\/en\/#organization"},"potentialAction":[{"@type":"SearchAction","target":{"@type":"EntryPoint","urlTemplate":"https:\/\/www.makila.ai\/en\/?s={search_term_string}"},"query-input":{"@type":"PropertyValueSpecification","valueRequired":true,"valueName":"search_term_string"}}],"inLanguage":"en-US"},{"@type":"Organization","@id":"https:\/\/www.makila.ai\/en\/#organization","name":"Services Makila inc.","url":"https:\/\/www.makila.ai\/en\/","logo":{"@type":"ImageObject","inLanguage":"en-US","@id":"https:\/\/www.makila.ai\/en\/#\/schema\/logo\/image\/","url":"https:\/\/www.makila.ai\/wp-content\/uploads\/2020\/10\/Logo-Makila-Dark-150.png","contentUrl":"https:\/\/www.makila.ai\/wp-content\/uploads\/2020\/10\/Logo-Makila-Dark-150.png","width":150,"height":43,"caption":"Services Makila inc."},"image":{"@id":"https:\/\/www.makila.ai\/en\/#\/schema\/logo\/image\/"},"sameAs":["https:\/\/www.linkedin.com\/company\/makila-ai\/"]},{"@type":"Person","@id":"https:\/\/www.makila.ai\/en\/#\/schema\/person\/4f75583ff3068943eb42812b1c8df9d9","name":"Salma Lamrini"}]}},"_links":{"self":[{"href":"https:\/\/www.makila.ai\/en\/wp-json\/wp\/v2\/posts\/70211","targetHints":{"allow":["GET"]}}],"collection":[{"href":"https:\/\/www.makila.ai\/en\/wp-json\/wp\/v2\/posts"}],"about":[{"href":"https:\/\/www.makila.ai\/en\/wp-json\/wp\/v2\/types\/post"}],"author":[{"embeddable":true,"href":"https:\/\/www.makila.ai\/en\/wp-json\/wp\/v2\/users\/6"}],"replies":[{"embeddable":true,"href":"https:\/\/www.makila.ai\/en\/wp-json\/wp\/v2\/comments?post=70211"}],"version-history":[{"count":1,"href":"https:\/\/www.makila.ai\/en\/wp-json\/wp\/v2\/posts\/70211\/revisions"}],"predecessor-version":[{"id":70212,"href":"https:\/\/www.makila.ai\/en\/wp-json\/wp\/v2\/posts\/70211\/revisions\/70212"}],"wp:featuredmedia":[{"embeddable":true,"href":"https:\/\/www.makila.ai\/en\/wp-json\/wp\/v2\/media\/20479"}],"wp:attachment":[{"href":"https:\/\/www.makila.ai\/en\/wp-json\/wp\/v2\/media?parent=70211"}],"wp:term":[{"taxonomy":"category","embeddable":true,"href":"https:\/\/www.makila.ai\/en\/wp-json\/wp\/v2\/categories?post=70211"},{"taxonomy":"post_tag","embeddable":true,"href":"https:\/\/www.makila.ai\/en\/wp-json\/wp\/v2\/tags?post=70211"}],"curies":[{"name":"wp","href":"https:\/\/api.w.org\/{rel}","templated":true}]}}